{"id":215989,"date":"2025-08-03T09:42:47","date_gmt":"2025-08-03T07:42:47","guid":{"rendered":"https:\/\/www.racketlon.fi\/?p=215989"},"modified":"2025-08-03T09:42:47","modified_gmt":"2025-08-03T07:42:47","slug":"suomalaismenestysta-racketlonin-mm-kisoissa-elma-vuoriselle-hopeaa","status":"publish","type":"post","link":"https:\/\/www.racketlon.fi\/?p=215989","title":{"rendered":"Suomalaismenestyst\u00e4 racketlonin MM-kisoissa \u2013 Elma Vuoriselle hopeaa!"},"content":{"rendered":"<p>Suomalaiset racketlon-urheilijat olivat vahvasti mukana ilman ter\u00e4vint\u00e4 k\u00e4rke\u00e4 eilen p\u00e4\u00e4ttyneiss\u00e4 henkil\u00f6kohtaisissa maailmanmestaruuskilpailuissa, joissa n\u00e4htiin useita vahvoja suomalaissuorituksia seitsem\u00e4ss\u00e4 eri luokassa.<br \/>\n <!--more--><br \/>\n<img decoding=\"async\" src=\"wp-content\/kuvat\/MM2025t16.jpg\" align=\"left\"\/>  Erityisesti Elma Vuorinen nousi esiin, kun h\u00e4n taisteli tiens\u00e4 junioreiden MM-hopealle. Vuorinen osoitti monipuolista osaamista kaikissa nelj\u00e4ss\u00e4 lajissa \u2013 p\u00f6yt\u00e4tenniksess\u00e4, sulkapallossa, squashissa ja tenniksess\u00e4 \u2013 ja varmisti paikkansa palkintopallilla kovatasoisessa kansainv\u00e4lisess\u00e4 seurassa. Vaikka kultamitali j\u00e4i t\u00e4ll\u00e4 kertaa saavuttamatta, Vuorisen hopea on merkitt\u00e4v\u00e4 saavutus suomalaiselle racketlonille ja lupaa hyv\u00e4\u00e4 tulevaisuutta lajin junioritasolla. My\u00f6s muut suomalaispelaajat esiintyiv\u00e4t edukseen, ja useat eteniv\u00e4t pitk\u00e4lle turnauksessa, tuoden arvokkaita ranking-pisteit\u00e4 ja kokemusta.<\/p>\n<p>Racketlonin MM-kisat ker\u00e4siv\u00e4t osallistujia ymp\u00e4ri maailmaa, ja Suomen joukkueen panos osoitti, ett\u00e4 laji el\u00e4\u00e4 ja kehitykseen panostetaan jatkossa taas enemm\u00e4n my\u00f6s meill\u00e4.<\/p>\n<p>Luvassa on mm. lajitreenej\u00e4 ja esittelyj\u00e4 sek\u00e4 kilpailuja.<br \/>\nSM kisat ovat 15-16.11 Espoossa ja ensi vuoden Finnish Open kes\u00e4kuussa Helsingiss\u00e4<\/p>\n","protected":false},"excerpt":{"rendered":"<p>Suomalaiset racketlon-urheilijat olivat vahvasti mukana ilman ter\u00e4vint\u00e4 k\u00e4rke\u00e4 eilen p\u00e4\u00e4ttyneiss\u00e4 henkil\u00f6kohtaisissa maailmanmestaruuskilpailuissa, joissa n\u00e4htiin useita vahvoja suomalaissuorituksia seitsem\u00e4ss\u00e4 eri luokassa.<\/p>\n","protected":false},"author":39,"featured_media":0,"comment_status":"closed","ping_status":"closed","sticky":false,"template":"","format":"standard","meta":{"footnotes":""},"categories":[1],"tags":[],"class_list":["post-215989","post","type-post","status-publish","format-standard","hentry","category-uutiset"],"_links":{"self":[{"href":"https:\/\/www.racketlon.fi\/index.php?rest_route=\/wp\/v2\/posts\/215989","targetHints":{"allow":["GET"]}}],"collection":[{"href":"https:\/\/www.racketlon.fi\/index.php?rest_route=\/wp\/v2\/posts"}],"about":[{"href":"https:\/\/www.racketlon.fi\/index.php?rest_route=\/wp\/v2\/types\/post"}],"author":[{"embeddable":true,"href":"https:\/\/www.racketlon.fi\/index.php?rest_route=\/wp\/v2\/users\/39"}],"replies":[{"embeddable":true,"href":"https:\/\/www.racketlon.fi\/index.php?rest_route=%2Fwp%2Fv2%2Fcomments&post=215989"}],"version-history":[{"count":1,"href":"https:\/\/www.racketlon.fi\/index.php?rest_route=\/wp\/v2\/posts\/215989\/revisions"}],"predecessor-version":[{"id":215990,"href":"https:\/\/www.racketlon.fi\/index.php?rest_route=\/wp\/v2\/posts\/215989\/revisions\/215990"}],"wp:attachment":[{"href":"https:\/\/www.racketlon.fi\/index.php?rest_route=%2Fwp%2Fv2%2Fmedia&parent=215989"}],"wp:term":[{"taxonomy":"category","embeddable":true,"href":"https:\/\/www.racketlon.fi\/index.php?rest_route=%2Fwp%2Fv2%2Fcategories&post=215989"},{"taxonomy":"post_tag","embeddable":true,"href":"https:\/\/www.racketlon.fi\/index.php?rest_route=%2Fwp%2Fv2%2Ftags&post=215989"}],"curies":[{"name":"wp","href":"https:\/\/api.w.org\/{rel}","templated":true}]}}